{"id":10288,"date":"2023-03-10T13:51:15","date_gmt":"2023-03-10T12:51:15","guid":{"rendered":"https:\/\/www.germo.it\/?p=10288"},"modified":"2023-03-10T13:51:15","modified_gmt":"2023-03-10T12:51:15","slug":"come-prendersi-cura-del-proprio-bucato-ecco-la-guida-pratica-dei-simboli-delle-etichette","status":"publish","type":"post","link":"https:\/\/www.germo.it\/en\/come-prendersi-cura-del-proprio-bucato-ecco-la-guida-pratica-dei-simboli-delle-etichette\/","title":{"rendered":"Come prendersi cura del proprio bucato? Ecco la guida pratica dei simboli delle etichette"},"content":{"rendered":"<p>Quando dobbiamo lavare I nostri indumenti spesso ci troviamo in difficolt\u00e0 su quale sia il metodo o lavaggio migliore. Spesso i dubbi sono relativi a quale simbolo sia indicato sulle etichette dei capi: come fare per capirli?<\/p>\n<p>LAVAGGIO:<\/p>\n<p><img decoding=\"async\" src=\"https:\/\/www.germo.it\/wp-content\/uploads\/2023\/03\/Immagine1-300x115.png\" alt=\"\" width=\"300\" height=\"115\" class=\"alignnone size-medium wp-image-10289\" \/><img decoding=\"async\" src=\"https:\/\/www.germo.it\/wp-content\/uploads\/2023\/03\/Immagine2-300x115.png\" alt=\"\" width=\"300\" height=\"115\" class=\"alignnone size-medium wp-image-10291\" \/><img decoding=\"async\" src=\"https:\/\/www.germo.it\/wp-content\/uploads\/2023\/03\/Immagine3-300x115.png\" alt=\"\" width=\"300\" height=\"115\" class=\"alignnone size-medium wp-image-10293\" \/><img decoding=\"async\" src=\"https:\/\/www.germo.it\/wp-content\/uploads\/2023\/03\/Immagine4-300x115.png\" alt=\"\" width=\"300\" height=\"115\" class=\"alignnone size-medium wp-image-10295\" \/><img decoding=\"async\" src=\"https:\/\/www.germo.it\/wp-content\/uploads\/2023\/03\/Immagine5-300x115.png\" alt=\"\" width=\"300\" height=\"115\" class=\"alignnone size-medium wp-image-10297\" \/><img decoding=\"async\" src=\"https:\/\/www.germo.it\/wp-content\/uploads\/2023\/03\/Immagine6-300x115.png\" alt=\"\" width=\"300\" height=\"115\" class=\"alignnone size-medium wp-image-10299\" \/><img decoding=\"async\" src=\"https:\/\/www.germo.it\/wp-content\/uploads\/2023\/03\/simboli_germo_sito-300x137.png\" alt=\"\" width=\"300\" height=\"137\" class=\"alignnone size-medium wp-image-10301\" \/><\/p>\n<p>Ad esempio: quando tra i simboli vediamo indicato un numero all\u2019interno di un rettangolo (che simboleggia una bacinella) dobbiamo fare attenzione a non superare la temperatura indicata.<br \/>\nQuando il simbolo presenta una linea sotto di esso dobbiamo effettuare un lavaggio delicato, se le linee sono due, bisogna procedere con un lavaggio per capi sintetici.<br \/>\nNonostante il lavaggio a 30 gradi sia molto delicato, ci\u00f2 non ci vieta di migliorare la qualit\u00e0 dei nostri indumenti con prodotti specifici, infatti l\u2019ADDITIVO DISINFETTANTE OXY di Germo, \u00e8 un additivo a base di <strong>ossigeno attivo<\/strong>, attivo gi\u00e0 a 30\u00b0, <strong>adatto per tutte le tipologie di indumenti<\/strong>, che:<br \/>\n\u2022\tdisinfetta<br \/>\n\u2022\tsmacchia<br \/>\n\u2022\tsbianca<br \/>\n\u2022\telimina gli odori sgradevoli<\/p>\n<p><img decoding=\"async\" src=\"https:\/\/www.germo.it\/wp-content\/uploads\/2023\/03\/Immagine4-300x115.png\" alt=\"\" width=\"300\" height=\"115\" class=\"alignnone size-medium wp-image-10295\" \/><\/p>\n<p>Se sul simbolo raffigurato sopra  vediamo disegnata una X, significa che il lavaggio in lavatrice \u00e8 da evitare.<br \/>\nIl simbolo pu\u00f2 essere visto anche accompagnato da una mano, ci\u00f2 indica infatti di lavare a mano il prodotto. \u00c8 importante conoscere questi simboli perch\u00e9, seguendo le istruzioni corrette, si evita di danneggiare il capo.<\/p>\n<p><img decoding=\"async\" src=\"https:\/\/www.germo.it\/wp-content\/uploads\/2023\/03\/Immagine1-300x115.png\" alt=\"\" width=\"300\" height=\"115\" class=\"alignnone size-medium wp-image-10289\" \/><\/p>\n<p>Per quanto riguarda invece il lavaggio a secco, il simbolo \u00e8 il cerchio.<br \/>\nIl cerchio con la X indica l\u2019impossibilit\u00e0 di effettuare un lavaggio a secco. <\/p>\n<p><img decoding=\"async\" src=\"https:\/\/www.germo.it\/wp-content\/uploads\/2023\/03\/Immagine2-300x115.png\" alt=\"\" width=\"300\" height=\"115\" class=\"alignnone size-medium wp-image-10291\" \/><\/p>\n<p>I simboli mostrati indicano come comportarsi con la candeggina.<br \/>\nIl triangolo bianco indica che il capo pu\u00f2 essere candeggiato con cloro o ossigeno, il triangolo con le righe indica che pu\u00f2 essere candeggiato solo con ossigeno.<br \/>\nIl triangolo nero con la X indica che il capo non pu\u00f2 essere candeggiato. <\/p>\n<p>ASCIUGATURA <\/p>\n<p><img decoding=\"async\" src=\"https:\/\/www.germo.it\/wp-content\/uploads\/2023\/03\/Immagine3-300x115.png\" alt=\"\" width=\"300\" height=\"115\" class=\"alignnone size-medium wp-image-10293\" \/><\/p>\n<p>Questo \u00e8 il simbolo dell\u2019asciugatura, un cerchio all\u2019interno di un quadrato.<br \/>\n\u2022\tAsciugatura permessa \u2013 simbolo senza puntino<br \/>\n\u2022\tAsciugatura permessa a temperatura ridotta (ovvero funzione \u201cDelicato\u201d) \u2013 simbolo con un puntino<br \/>\n\u2022\tAsciugatura da realizzare a temperatura normale \u2013 simbolo con due puntini<br \/>\n\u2022\tAsciugatura non permessa \u2013 simbolo con una x<\/p>\n<p><img decoding=\"async\" src=\"https:\/\/www.germo.it\/wp-content\/uploads\/2023\/03\/Immagine6-300x115.png\" alt=\"\" width=\"300\" height=\"115\" class=\"alignnone size-medium wp-image-10299\" \/><\/p>\n<p>I simboli mostrati sopra indicano invece come comportarsi con la stiratura:<br \/>\n\u2022\tStirare con una temperatura di circa 110 gradi \u2013 simbolo con un puntino<br \/>\n\u2022\tStirare con una temperatura di circa 150 gradi \u2013 simbolo con due puntini<br \/>\n\u2022\tStirare con una temperatura di circa 200 gradi \u2013 simbolo con tre puntini<br \/>\n\u2022\tStiratura non possibile \u2013 simbolo con la x<\/p>\n<p>Per un lavaggio ottimale bisogna fare attenzione ai simboli e utilizzare prodotti di qualit\u00e0.<br \/>\nGermo ha studiato 4 prodotti per la cura del bucato e sono Presidi Medico-Chirurgici, autorizzati dal Ministero della Salute. Sono indicati per il bucato di tutta la famiglia, con testata efficacia <strong>contro funghi, germi, batteri e allergeni<\/strong>. <\/p>\n<p><img decoding=\"async\" src=\"https:\/\/www.germo.it\/wp-content\/uploads\/2023\/03\/simboli_germo_sito-300x137.png\" alt=\"\" width=\"300\" height=\"137\" class=\"alignnone size-medium wp-image-10301\" \/><\/p>\n<p>Disinfettante Bucato<br \/>\nDisinfettante con ammorbidente &#8211; Bucato pi\u00f9<br \/>\nDisinfettante OXY<\/p>\n<p>I prodotti sono indicati sia per il lavaggio <strong>a mano<\/strong> che <strong>in lavatrice.<\/strong><\/p>\n","protected":false},"excerpt":{"rendered":"<p>Quando dobbiamo lavare I nostri indumenti spesso ci troviamo in difficolt\u00e0 su quale sia il metodo o lavaggio migliore. Spesso i dubbi sono relativi a quale simbolo sia indicato sulle etichette dei capi: come fare per capirli? LAVAGGIO: Ad esempio: quando tra i simboli vediamo indicato un numero all\u2019interno di un rettangolo (che simboleggia una [&hellip;]<\/p>\n","protected":false},"author":5,"featured_media":0,"comment_status":"open","ping_status":"open","sticky":false,"template":"","format":"standard","meta":{"_glsr_average":0,"_glsr_ranking":0,"_glsr_reviews":0,"footnotes":""},"categories":[498],"tags":[],"class_list":["post-10288","post","type-post","status-publish","format-standard","hentry","category-blog-en"],"featured_image_src":{"landsacpe":false,"list":false,"medium":false,"full":false},"yoast_head":"<!-- This site is optimized with the Yoast SEO plugin v26.2 - https:\/\/yoast.com\/wordpress\/plugins\/seo\/ -->\n<title>Come prendersi cura del proprio bucato? Ecco la guida pratica dei simboli delle etichette - Germo<\/title>\n<meta name=\"description\" content=\"Come prendersi cura del proprio bucato? Ecco la guida pratica dei simboli delle etichette\" \/>\n<meta name=\"robots\" content=\"index, follow, max-snippet:-1, max-image-preview:large, max-video-preview:-1\" \/>\n<link rel=\"canonical\" href=\"https:\/\/www.germo.it\/en\/come-prendersi-cura-del-proprio-bucato-ecco-la-guida-pratica-dei-simboli-delle-etichette\/\" \/>\n<meta property=\"og:locale\" content=\"en_US\" \/>\n<meta property=\"og:type\" content=\"article\" \/>\n<meta property=\"og:title\" content=\"Come prendersi cura del proprio bucato? Ecco la guida pratica dei simboli delle etichette - Germo\" \/>\n<meta property=\"og:description\" content=\"Come prendersi cura del proprio bucato? Ecco la guida pratica dei simboli delle etichette\" \/>\n<meta property=\"og:url\" content=\"https:\/\/www.germo.it\/en\/come-prendersi-cura-del-proprio-bucato-ecco-la-guida-pratica-dei-simboli-delle-etichette\/\" \/>\n<meta property=\"og:site_name\" content=\"Germo\" \/>\n<meta property=\"article:published_time\" content=\"2023-03-10T12:51:15+00:00\" \/>\n<meta property=\"og:image\" content=\"https:\/\/www.germo.it\/wp-content\/uploads\/2023\/03\/Immagine1-300x115.png\" \/>\n<meta name=\"author\" content=\"marketing\" \/>\n<meta name=\"twitter:card\" content=\"summary_large_image\" \/>\n<meta name=\"twitter:label1\" content=\"Written by\" \/>\n\t<meta name=\"twitter:data1\" content=\"marketing\" \/>\n\t<meta name=\"twitter:label2\" content=\"Est. reading time\" \/>\n\t<meta name=\"twitter:data2\" content=\"2 minutes\" \/>\n<script type=\"application\/ld+json\" class=\"yoast-schema-graph\">{\"@context\":\"https:\/\/schema.org\",\"@graph\":[{\"@type\":\"WebPage\",\"@id\":\"https:\/\/www.germo.it\/en\/come-prendersi-cura-del-proprio-bucato-ecco-la-guida-pratica-dei-simboli-delle-etichette\/\",\"url\":\"https:\/\/www.germo.it\/en\/come-prendersi-cura-del-proprio-bucato-ecco-la-guida-pratica-dei-simboli-delle-etichette\/\",\"name\":\"Come prendersi cura del proprio bucato? Ecco la guida pratica dei simboli delle etichette - Germo\",\"isPartOf\":{\"@id\":\"https:\/\/www.germo.it\/en\/#website\"},\"primaryImageOfPage\":{\"@id\":\"https:\/\/www.germo.it\/en\/come-prendersi-cura-del-proprio-bucato-ecco-la-guida-pratica-dei-simboli-delle-etichette\/#primaryimage\"},\"image\":{\"@id\":\"https:\/\/www.germo.it\/en\/come-prendersi-cura-del-proprio-bucato-ecco-la-guida-pratica-dei-simboli-delle-etichette\/#primaryimage\"},\"thumbnailUrl\":\"https:\/\/www.germo.it\/wp-content\/uploads\/2023\/03\/Immagine1-300x115.png\",\"datePublished\":\"2023-03-10T12:51:15+00:00\",\"author\":{\"@id\":\"https:\/\/www.germo.it\/en\/#\/schema\/person\/1ba62b70c8a3c657381d0dd78dce71f2\"},\"description\":\"Come prendersi cura del proprio bucato? Ecco la guida pratica dei simboli delle etichette\",\"breadcrumb\":{\"@id\":\"https:\/\/www.germo.it\/en\/come-prendersi-cura-del-proprio-bucato-ecco-la-guida-pratica-dei-simboli-delle-etichette\/#breadcrumb\"},\"inLanguage\":\"en-US\",\"potentialAction\":[{\"@type\":\"ReadAction\",\"target\":[\"https:\/\/www.germo.it\/en\/come-prendersi-cura-del-proprio-bucato-ecco-la-guida-pratica-dei-simboli-delle-etichette\/\"]}]},{\"@type\":\"ImageObject\",\"inLanguage\":\"en-US\",\"@id\":\"https:\/\/www.germo.it\/en\/come-prendersi-cura-del-proprio-bucato-ecco-la-guida-pratica-dei-simboli-delle-etichette\/#primaryimage\",\"url\":\"https:\/\/www.germo.it\/wp-content\/uploads\/2023\/03\/Immagine1-300x115.png\",\"contentUrl\":\"https:\/\/www.germo.it\/wp-content\/uploads\/2023\/03\/Immagine1-300x115.png\"},{\"@type\":\"BreadcrumbList\",\"@id\":\"https:\/\/www.germo.it\/en\/come-prendersi-cura-del-proprio-bucato-ecco-la-guida-pratica-dei-simboli-delle-etichette\/#breadcrumb\",\"itemListElement\":[{\"@type\":\"ListItem\",\"position\":1,\"name\":\"Home\",\"item\":\"https:\/\/www.germo.it\/en\/\"},{\"@type\":\"ListItem\",\"position\":2,\"name\":\"Come prendersi cura del proprio bucato? Ecco la guida pratica dei simboli delle etichette\"}]},{\"@type\":\"WebSite\",\"@id\":\"https:\/\/www.germo.it\/en\/#website\",\"url\":\"https:\/\/www.germo.it\/en\/\",\"name\":\"Germo\",\"description\":\"Produzione disinfettanti, sterilizzanti e detergenti\",\"potentialAction\":[{\"@type\":\"SearchAction\",\"target\":{\"@type\":\"EntryPoint\",\"urlTemplate\":\"https:\/\/www.germo.it\/en\/?s={search_term_string}\"},\"query-input\":{\"@type\":\"PropertyValueSpecification\",\"valueRequired\":true,\"valueName\":\"search_term_string\"}}],\"inLanguage\":\"en-US\"},{\"@type\":\"Person\",\"@id\":\"https:\/\/www.germo.it\/en\/#\/schema\/person\/1ba62b70c8a3c657381d0dd78dce71f2\",\"name\":\"marketing\",\"image\":{\"@type\":\"ImageObject\",\"inLanguage\":\"en-US\",\"@id\":\"https:\/\/www.germo.it\/en\/#\/schema\/person\/image\/\",\"url\":\"https:\/\/secure.gravatar.com\/avatar\/dfa17be8b9978ce09b4d847547ee3c5eb00a450bd2f2c0a80879dfee21944bca?s=96&d=mm&r=g\",\"contentUrl\":\"https:\/\/secure.gravatar.com\/avatar\/dfa17be8b9978ce09b4d847547ee3c5eb00a450bd2f2c0a80879dfee21944bca?s=96&d=mm&r=g\",\"caption\":\"marketing\"}}]}<\/script>\n<!-- \/ Yoast SEO plugin. -->","yoast_head_json":{"title":"Come prendersi cura del proprio bucato? Ecco la guida pratica dei simboli delle etichette - Germo","description":"Come prendersi cura del proprio bucato? Ecco la guida pratica dei simboli delle etichette","robots":{"index":"index","follow":"follow","max-snippet":"max-snippet:-1","max-image-preview":"max-image-preview:large","max-video-preview":"max-video-preview:-1"},"canonical":"https:\/\/www.germo.it\/en\/come-prendersi-cura-del-proprio-bucato-ecco-la-guida-pratica-dei-simboli-delle-etichette\/","og_locale":"en_US","og_type":"article","og_title":"Come prendersi cura del proprio bucato? Ecco la guida pratica dei simboli delle etichette - Germo","og_description":"Come prendersi cura del proprio bucato? Ecco la guida pratica dei simboli delle etichette","og_url":"https:\/\/www.germo.it\/en\/come-prendersi-cura-del-proprio-bucato-ecco-la-guida-pratica-dei-simboli-delle-etichette\/","og_site_name":"Germo","article_published_time":"2023-03-10T12:51:15+00:00","og_image":[{"url":"https:\/\/www.germo.it\/wp-content\/uploads\/2023\/03\/Immagine1-300x115.png","type":"","width":"","height":""}],"author":"marketing","twitter_card":"summary_large_image","twitter_misc":{"Written by":"marketing","Est. reading time":"2 minutes"},"schema":{"@context":"https:\/\/schema.org","@graph":[{"@type":"WebPage","@id":"https:\/\/www.germo.it\/en\/come-prendersi-cura-del-proprio-bucato-ecco-la-guida-pratica-dei-simboli-delle-etichette\/","url":"https:\/\/www.germo.it\/en\/come-prendersi-cura-del-proprio-bucato-ecco-la-guida-pratica-dei-simboli-delle-etichette\/","name":"Come prendersi cura del proprio bucato? Ecco la guida pratica dei simboli delle etichette - Germo","isPartOf":{"@id":"https:\/\/www.germo.it\/en\/#website"},"primaryImageOfPage":{"@id":"https:\/\/www.germo.it\/en\/come-prendersi-cura-del-proprio-bucato-ecco-la-guida-pratica-dei-simboli-delle-etichette\/#primaryimage"},"image":{"@id":"https:\/\/www.germo.it\/en\/come-prendersi-cura-del-proprio-bucato-ecco-la-guida-pratica-dei-simboli-delle-etichette\/#primaryimage"},"thumbnailUrl":"https:\/\/www.germo.it\/wp-content\/uploads\/2023\/03\/Immagine1-300x115.png","datePublished":"2023-03-10T12:51:15+00:00","author":{"@id":"https:\/\/www.germo.it\/en\/#\/schema\/person\/1ba62b70c8a3c657381d0dd78dce71f2"},"description":"Come prendersi cura del proprio bucato? Ecco la guida pratica dei simboli delle etichette","breadcrumb":{"@id":"https:\/\/www.germo.it\/en\/come-prendersi-cura-del-proprio-bucato-ecco-la-guida-pratica-dei-simboli-delle-etichette\/#breadcrumb"},"inLanguage":"en-US","potentialAction":[{"@type":"ReadAction","target":["https:\/\/www.germo.it\/en\/come-prendersi-cura-del-proprio-bucato-ecco-la-guida-pratica-dei-simboli-delle-etichette\/"]}]},{"@type":"ImageObject","inLanguage":"en-US","@id":"https:\/\/www.germo.it\/en\/come-prendersi-cura-del-proprio-bucato-ecco-la-guida-pratica-dei-simboli-delle-etichette\/#primaryimage","url":"https:\/\/www.germo.it\/wp-content\/uploads\/2023\/03\/Immagine1-300x115.png","contentUrl":"https:\/\/www.germo.it\/wp-content\/uploads\/2023\/03\/Immagine1-300x115.png"},{"@type":"BreadcrumbList","@id":"https:\/\/www.germo.it\/en\/come-prendersi-cura-del-proprio-bucato-ecco-la-guida-pratica-dei-simboli-delle-etichette\/#breadcrumb","itemListElement":[{"@type":"ListItem","position":1,"name":"Home","item":"https:\/\/www.germo.it\/en\/"},{"@type":"ListItem","position":2,"name":"Come prendersi cura del proprio bucato? Ecco la guida pratica dei simboli delle etichette"}]},{"@type":"WebSite","@id":"https:\/\/www.germo.it\/en\/#website","url":"https:\/\/www.germo.it\/en\/","name":"Germo","description":"Produzione disinfettanti, sterilizzanti e detergenti","potentialAction":[{"@type":"SearchAction","target":{"@type":"EntryPoint","urlTemplate":"https:\/\/www.germo.it\/en\/?s={search_term_string}"},"query-input":{"@type":"PropertyValueSpecification","valueRequired":true,"valueName":"search_term_string"}}],"inLanguage":"en-US"},{"@type":"Person","@id":"https:\/\/www.germo.it\/en\/#\/schema\/person\/1ba62b70c8a3c657381d0dd78dce71f2","name":"marketing","image":{"@type":"ImageObject","inLanguage":"en-US","@id":"https:\/\/www.germo.it\/en\/#\/schema\/person\/image\/","url":"https:\/\/secure.gravatar.com\/avatar\/dfa17be8b9978ce09b4d847547ee3c5eb00a450bd2f2c0a80879dfee21944bca?s=96&d=mm&r=g","contentUrl":"https:\/\/secure.gravatar.com\/avatar\/dfa17be8b9978ce09b4d847547ee3c5eb00a450bd2f2c0a80879dfee21944bca?s=96&d=mm&r=g","caption":"marketing"}}]}},"_links":{"self":[{"href":"https:\/\/www.germo.it\/en\/wp-json\/wp\/v2\/posts\/10288","targetHints":{"allow":["GET"]}}],"collection":[{"href":"https:\/\/www.germo.it\/en\/wp-json\/wp\/v2\/posts"}],"about":[{"href":"https:\/\/www.germo.it\/en\/wp-json\/wp\/v2\/types\/post"}],"author":[{"embeddable":true,"href":"https:\/\/www.germo.it\/en\/wp-json\/wp\/v2\/users\/5"}],"replies":[{"embeddable":true,"href":"https:\/\/www.germo.it\/en\/wp-json\/wp\/v2\/comments?post=10288"}],"version-history":[{"count":0,"href":"https:\/\/www.germo.it\/en\/wp-json\/wp\/v2\/posts\/10288\/revisions"}],"wp:attachment":[{"href":"https:\/\/www.germo.it\/en\/wp-json\/wp\/v2\/media?parent=10288"}],"wp:term":[{"taxonomy":"category","embeddable":true,"href":"https:\/\/www.germo.it\/en\/wp-json\/wp\/v2\/categories?post=10288"},{"taxonomy":"post_tag","embeddable":true,"href":"https:\/\/www.germo.it\/en\/wp-json\/wp\/v2\/tags?post=10288"}],"curies":[{"name":"wp","href":"https:\/\/api.w.org\/{rel}","templated":true}]}}